{"id":9956,"date":"2026-08-29T14:16:45","date_gmt":"2026-08-29T12:16:45","guid":{"rendered":"https:\/\/www.charmingtasteofeurope.eu\/?p=9956"},"modified":"2026-09-02T14:24:43","modified_gmt":"2026-09-02T12:24:43","slug":"storytelling-saisonnier-transformer-les-produits-europeens-en-source-dinspiration-pour-les-menus","status":"publish","type":"post","link":"https:\/\/www.charmingtasteofeurope.eu\/fr\/nouvelles\/storytelling-saisonnier-transformer-les-produits-europeens-en-source-dinspiration-pour-les-menus\/","title":{"rendered":"Storytelling saisonnier: transformer les produits europ\u00e9ens en source d\u2019inspiration pour les menus"},"content":{"rendered":"<p>Un menu de saison peut raconter une histoire au-del\u00e0 des plats qui le composent : les ingr\u00e9dients choisis, leur origine et la mani\u00e8re dont ils sont pr\u00e9sent\u00e9s peuvent contribuer \u00e0 cr\u00e9er une identit\u00e9 territoriale plus forte.<\/p>\n<p>Gr\u00e2ce \u00e0 <strong>The Charming Taste of Europe<\/strong>, les produits europ\u00e9ens peuvent offrir diff\u00e9rents points de d\u00e9part pour construire ce type de storytelling.<\/p>\n<p><strong>Le kiwi grec d\u2019Imathia<\/strong>, par exemple, peut apporter l\u2019identit\u00e9 d\u2019un territoire agricole sp\u00e9cifique \u00e0 un plat de saison, tandis que la mention de son origine grecque peut donner \u00e0 un ingr\u00e9dient simple un contexte plus distinctif.<\/p>\n<p><strong>Les Vins Doux de Bordeaux<\/strong> proposent un autre r\u00e9cit \u00e0 travers leurs appellations historiques et leur identit\u00e9 r\u00e9gionale. Mentionner l\u2019appellation ou le style sp\u00e9cifique peut faire d\u00e9couvrir l\u2019origine du vin \u00e0 travers de courtes notes sur le menu ou des suggestions d\u2019accords, offrant aux clients un aper\u00e7u de la r\u00e9gion qui se trouve derri\u00e8re la bouteille.<\/p>\n<p><strong>Les Vins des Abruzzes<\/strong> peuvent apporter une autre dimension au r\u00e9cit, en reliant un plat ou une s\u00e9lection de vins aux paysages et au patrimoine viticole des Abruzzes. Les r\u00e9f\u00e9rences \u00e0 l\u2019appellation ou au c\u00e9page peuvent aider \u00e0 expliquer l\u2019origine du vin et ce qui le rend distinctif, sans n\u00e9cessiter une description trop longue.<\/p>\n<p>Utilis\u00e9s avec pertinence, ces d\u00e9tails peuvent faire de l\u2019origine d\u2019un produit une v\u00e9ritable partie du langage du menu, donnant aux offres saisonni\u00e8res une identit\u00e9 plus marqu\u00e9e et permettant aux clients de d\u00e9couvrir les histoires qui se cachent derri\u00e8re ce qui leur est servi.<\/p>\n<p>&nbsp;<\/p>\n<p><img fetchpriority=\"high\" decoding=\"async\" class=\"alignnone size-medium wp-image-9963\" src=\"https:\/\/www.charmingtasteofeurope.eu\/charming\/wp-content\/uploads\/2026\/09\/3-2-300x195.jpg\" alt=\"\" width=\"300\" height=\"195\" srcset=\"https:\/\/www.charmingtasteofeurope.eu\/charming\/wp-content\/uploads\/2026\/09\/3-2-300x195.jpg 300w, https:\/\/www.charmingtasteofeurope.eu\/charming\/wp-content\/uploads\/2026\/09\/3-2-1024x667.jpg 1024w, https:\/\/www.charmingtasteofeurope.eu\/charming\/wp-content\/uploads\/2026\/09\/3-2-768x500.jpg 768w, https:\/\/www.charmingtasteofeurope.eu\/charming\/wp-content\/uploads\/2026\/09\/3-2-1536x1000.jpg 1536w, https:\/\/www.charmingtasteofeurope.eu\/charming\/wp-content\/uploads\/2026\/09\/3-2-2048x1333.jpg 2048w\" sizes=\"(max-width: 300px) 100vw, 300px\" \/> \u00a0<img decoding=\"async\" class=\"alignnone wp-image-9965 size-medium\" src=\"https:\/\/www.charmingtasteofeurope.eu\/charming\/wp-content\/uploads\/2026\/09\/2-3-1-e1788351508394-300x195.jpg\" alt=\"\" width=\"300\" height=\"195\" srcset=\"https:\/\/www.charmingtasteofeurope.eu\/charming\/wp-content\/uploads\/2026\/09\/2-3-1-e1788351508394-300x195.jpg 300w, https:\/\/www.charmingtasteofeurope.eu\/charming\/wp-content\/uploads\/2026\/09\/2-3-1-e1788351508394-1024x666.jpg 1024w, https:\/\/www.charmingtasteofeurope.eu\/charming\/wp-content\/uploads\/2026\/09\/2-3-1-e1788351508394-768x499.jpg 768w, https:\/\/www.charmingtasteofeurope.eu\/charming\/wp-content\/uploads\/2026\/09\/2-3-1-e1788351508394.jpg 1080w\" sizes=\"(max-width: 300px) 100vw, 300px\" \/> \u00a0<img decoding=\"async\" class=\"alignnone  wp-image-9968\" src=\"https:\/\/www.charmingtasteofeurope.eu\/charming\/wp-content\/uploads\/2026\/09\/230916_toptaste_abruzzo_33-300x200.jpg\" alt=\"\" width=\"293\" height=\"195\" srcset=\"https:\/\/www.charmingtasteofeurope.eu\/charming\/wp-content\/uploads\/2026\/09\/230916_toptaste_abruzzo_33-300x200.jpg 300w, https:\/\/www.charmingtasteofeurope.eu\/charming\/wp-content\/uploads\/2026\/09\/230916_toptaste_abruzzo_33-1024x683.jpg 1024w, https:\/\/www.charmingtasteofeurope.eu\/charming\/wp-content\/uploads\/2026\/09\/230916_toptaste_abruzzo_33-768x512.jpg 768w, https:\/\/www.charmingtasteofeurope.eu\/charming\/wp-content\/uploads\/2026\/09\/230916_toptaste_abruzzo_33-391x260.jpg 391w, https:\/\/www.charmingtasteofeurope.eu\/charming\/wp-content\/uploads\/2026\/09\/230916_toptaste_abruzzo_33-1536x1024.jpg 1536w, https:\/\/www.charmingtasteofeurope.eu\/charming\/wp-content\/uploads\/2026\/09\/230916_toptaste_abruzzo_33-2048x1365.jpg 2048w\" sizes=\"(max-width: 293px) 100vw, 293px\" \/><\/p>\n<p>&nbsp;<\/p>\n<p>&nbsp;<\/p>\n","protected":false},"excerpt":{"rendered":"<p>Un menu de saison peut raconter une histoire au-del\u00e0 des plats qui le composent : les ingr\u00e9dients choisis, leur origine et la mani\u00e8re dont ils sont pr\u00e9sent\u00e9s peuvent contribuer \u00e0 cr\u00e9er une identit\u00e9 territoriale plus forte. Gr\u00e2ce \u00e0 The Charming Taste of Europe, les produits europ\u00e9ens peuvent offrir diff\u00e9rents points de d\u00e9part pour construire ce\u2026<\/p>\n","protected":false},"author":3,"featured_media":9957,"comment_status":"closed","ping_status":"closed","sticky":false,"template":"","format":"standard","meta":{"_acf_changed":false,"footnotes":""},"categories":[82],"tags":[],"class_list":["post-9956","post","type-post","status-publish","format-standard","has-post-thumbnail","hentry","category-nouvelles"],"acf":[],"yoast_head":"<!-- This site is optimized with the Yoast SEO plugin v27.9 - https:\/\/yoast.com\/product\/yoast-seo-wordpress\/ -->\n<title>Storytelling saisonnier: transformer les produits europ\u00e9ens en source d\u2019inspiration pour les menus - Charming Taste of Europe<\/title>\n<meta name=\"robots\" content=\"index, follow, max-snippet:-1, max-image-preview:large, max-video-preview:-1\" \/>\n<link rel=\"canonical\" href=\"https:\/\/www.charmingtasteofeurope.eu\/fr\/nouvelles\/storytelling-saisonnier-transformer-les-produits-europeens-en-source-dinspiration-pour-les-menus\/\" \/>\n<meta property=\"og:locale\" content=\"fr_FR\" \/>\n<meta property=\"og:type\" content=\"article\" \/>\n<meta property=\"og:title\" content=\"Storytelling saisonnier: transformer les produits europ\u00e9ens en source d\u2019inspiration pour les menus - Charming Taste of Europe\" \/>\n<meta property=\"og:description\" content=\"Un menu de saison peut raconter une histoire au-del\u00e0 des plats qui le composent : les ingr\u00e9dients choisis, leur origine et la mani\u00e8re dont ils sont pr\u00e9sent\u00e9s peuvent contribuer \u00e0 cr\u00e9er une identit\u00e9 territoriale plus forte. Gr\u00e2ce \u00e0 The Charming Taste of Europe, les produits europ\u00e9ens peuvent offrir diff\u00e9rents points de d\u00e9part pour construire ce\u2026\" \/>\n<meta property=\"og:url\" content=\"https:\/\/www.charmingtasteofeurope.eu\/fr\/nouvelles\/storytelling-saisonnier-transformer-les-produits-europeens-en-source-dinspiration-pour-les-menus\/\" \/>\n<meta property=\"og:site_name\" content=\"Charming Taste of Europe\" \/>\n<meta property=\"article:published_time\" content=\"2026-08-29T12:16:45+00:00\" \/>\n<meta property=\"article:modified_time\" content=\"2026-09-02T12:24:43+00:00\" \/>\n<meta property=\"og:image\" content=\"https:\/\/www.charmingtasteofeurope.eu\/charming\/wp-content\/uploads\/2026\/09\/1-scaled.png\" \/>\n\t<meta property=\"og:image:width\" content=\"2560\" \/>\n\t<meta property=\"og:image:height\" content=\"2560\" \/>\n\t<meta property=\"og:image:type\" content=\"image\/png\" \/>\n<meta name=\"author\" content=\"SegreteriaB\" \/>\n<meta name=\"twitter:card\" content=\"summary_large_image\" \/>\n<meta name=\"twitter:label1\" content=\"\u00c9crit par\" \/>\n\t<meta name=\"twitter:data1\" content=\"SegreteriaB\" \/>\n\t<meta name=\"twitter:label2\" content=\"Dur\u00e9e de lecture estim\u00e9e\" \/>\n\t<meta name=\"twitter:data2\" content=\"3 minutes\" \/>\n<script type=\"application\/ld+json\" class=\"yoast-schema-graph\">{\"@context\":\"https:\\\/\\\/schema.org\",\"@graph\":[{\"@type\":\"Article\",\"@id\":\"https:\\\/\\\/www.charmingtasteofeurope.eu\\\/fr\\\/nouvelles\\\/storytelling-saisonnier-transformer-les-produits-europeens-en-source-dinspiration-pour-les-menus\\\/#article\",\"isPartOf\":{\"@id\":\"https:\\\/\\\/www.charmingtasteofeurope.eu\\\/fr\\\/nouvelles\\\/storytelling-saisonnier-transformer-les-produits-europeens-en-source-dinspiration-pour-les-menus\\\/\"},\"author\":{\"name\":\"SegreteriaB\",\"@id\":\"https:\\\/\\\/www.charmingtasteofeurope.eu\\\/en\\\/#\\\/schema\\\/person\\\/4ff951233604c3e49c9b26e2a1fbe66d\"},\"headline\":\"Storytelling saisonnier: transformer les produits europ\u00e9ens en source d\u2019inspiration pour les menus\",\"datePublished\":\"2026-08-29T12:16:45+00:00\",\"dateModified\":\"2026-09-02T12:24:43+00:00\",\"mainEntityOfPage\":{\"@id\":\"https:\\\/\\\/www.charmingtasteofeurope.eu\\\/fr\\\/nouvelles\\\/storytelling-saisonnier-transformer-les-produits-europeens-en-source-dinspiration-pour-les-menus\\\/\"},\"wordCount\":296,\"image\":{\"@id\":\"https:\\\/\\\/www.charmingtasteofeurope.eu\\\/fr\\\/nouvelles\\\/storytelling-saisonnier-transformer-les-produits-europeens-en-source-dinspiration-pour-les-menus\\\/#primaryimage\"},\"thumbnailUrl\":\"https:\\\/\\\/www.charmingtasteofeurope.eu\\\/charming\\\/wp-content\\\/uploads\\\/2026\\\/09\\\/1-scaled.png\",\"articleSection\":[\"Nouvelles\"],\"inLanguage\":\"fr-FR\"},{\"@type\":\"WebPage\",\"@id\":\"https:\\\/\\\/www.charmingtasteofeurope.eu\\\/fr\\\/nouvelles\\\/storytelling-saisonnier-transformer-les-produits-europeens-en-source-dinspiration-pour-les-menus\\\/\",\"url\":\"https:\\\/\\\/www.charmingtasteofeurope.eu\\\/fr\\\/nouvelles\\\/storytelling-saisonnier-transformer-les-produits-europeens-en-source-dinspiration-pour-les-menus\\\/\",\"name\":\"Storytelling saisonnier: transformer les produits europ\u00e9ens en source d\u2019inspiration pour les menus - Charming Taste of Europe\",\"isPartOf\":{\"@id\":\"https:\\\/\\\/www.charmingtasteofeurope.eu\\\/en\\\/#website\"},\"primaryImageOfPage\":{\"@id\":\"https:\\\/\\\/www.charmingtasteofeurope.eu\\\/fr\\\/nouvelles\\\/storytelling-saisonnier-transformer-les-produits-europeens-en-source-dinspiration-pour-les-menus\\\/#primaryimage\"},\"image\":{\"@id\":\"https:\\\/\\\/www.charmingtasteofeurope.eu\\\/fr\\\/nouvelles\\\/storytelling-saisonnier-transformer-les-produits-europeens-en-source-dinspiration-pour-les-menus\\\/#primaryimage\"},\"thumbnailUrl\":\"https:\\\/\\\/www.charmingtasteofeurope.eu\\\/charming\\\/wp-content\\\/uploads\\\/2026\\\/09\\\/1-scaled.png\",\"datePublished\":\"2026-08-29T12:16:45+00:00\",\"dateModified\":\"2026-09-02T12:24:43+00:00\",\"author\":{\"@id\":\"https:\\\/\\\/www.charmingtasteofeurope.eu\\\/en\\\/#\\\/schema\\\/person\\\/4ff951233604c3e49c9b26e2a1fbe66d\"},\"breadcrumb\":{\"@id\":\"https:\\\/\\\/www.charmingtasteofeurope.eu\\\/fr\\\/nouvelles\\\/storytelling-saisonnier-transformer-les-produits-europeens-en-source-dinspiration-pour-les-menus\\\/#breadcrumb\"},\"inLanguage\":\"fr-FR\",\"potentialAction\":[{\"@type\":\"ReadAction\",\"target\":[\"https:\\\/\\\/www.charmingtasteofeurope.eu\\\/fr\\\/nouvelles\\\/storytelling-saisonnier-transformer-les-produits-europeens-en-source-dinspiration-pour-les-menus\\\/\"]}]},{\"@type\":\"ImageObject\",\"inLanguage\":\"fr-FR\",\"@id\":\"https:\\\/\\\/www.charmingtasteofeurope.eu\\\/fr\\\/nouvelles\\\/storytelling-saisonnier-transformer-les-produits-europeens-en-source-dinspiration-pour-les-menus\\\/#primaryimage\",\"url\":\"https:\\\/\\\/www.charmingtasteofeurope.eu\\\/charming\\\/wp-content\\\/uploads\\\/2026\\\/09\\\/1-scaled.png\",\"contentUrl\":\"https:\\\/\\\/www.charmingtasteofeurope.eu\\\/charming\\\/wp-content\\\/uploads\\\/2026\\\/09\\\/1-scaled.png\",\"width\":2560,\"height\":2560},{\"@type\":\"BreadcrumbList\",\"@id\":\"https:\\\/\\\/www.charmingtasteofeurope.eu\\\/fr\\\/nouvelles\\\/storytelling-saisonnier-transformer-les-produits-europeens-en-source-dinspiration-pour-les-menus\\\/#breadcrumb\",\"itemListElement\":[{\"@type\":\"ListItem\",\"position\":1,\"name\":\"Home\",\"item\":\"https:\\\/\\\/www.charmingtasteofeurope.eu\\\/fr\\\/\"},{\"@type\":\"ListItem\",\"position\":2,\"name\":\"Storytelling saisonnier: transformer les produits europ\u00e9ens en source d\u2019inspiration pour les menus\"}]},{\"@type\":\"WebSite\",\"@id\":\"https:\\\/\\\/www.charmingtasteofeurope.eu\\\/en\\\/#website\",\"url\":\"https:\\\/\\\/www.charmingtasteofeurope.eu\\\/en\\\/\",\"name\":\"Charming Taste of Europe\",\"description\":\"\",\"potentialAction\":[{\"@type\":\"SearchAction\",\"target\":{\"@type\":\"EntryPoint\",\"urlTemplate\":\"https:\\\/\\\/www.charmingtasteofeurope.eu\\\/en\\\/?s={search_term_string}\"},\"query-input\":{\"@type\":\"PropertyValueSpecification\",\"valueRequired\":true,\"valueName\":\"search_term_string\"}}],\"inLanguage\":\"fr-FR\"},{\"@type\":\"Person\",\"@id\":\"https:\\\/\\\/www.charmingtasteofeurope.eu\\\/en\\\/#\\\/schema\\\/person\\\/4ff951233604c3e49c9b26e2a1fbe66d\",\"name\":\"SegreteriaB\",\"image\":{\"@type\":\"ImageObject\",\"inLanguage\":\"fr-FR\",\"@id\":\"https:\\\/\\\/secure.gravatar.com\\\/avatar\\\/c8a57f6b015528766c9cefb31d413944e4b0a45b925762916543eb4ef9011ad8?s=96&d=mm&r=g\",\"url\":\"https:\\\/\\\/secure.gravatar.com\\\/avatar\\\/c8a57f6b015528766c9cefb31d413944e4b0a45b925762916543eb4ef9011ad8?s=96&d=mm&r=g\",\"contentUrl\":\"https:\\\/\\\/secure.gravatar.com\\\/avatar\\\/c8a57f6b015528766c9cefb31d413944e4b0a45b925762916543eb4ef9011ad8?s=96&d=mm&r=g\",\"caption\":\"SegreteriaB\"},\"url\":\"https:\\\/\\\/www.charmingtasteofeurope.eu\\\/fr\\\/author\\\/segreteriab\\\/\"}]}<\/script>\n<!-- \/ Yoast SEO plugin. -->","yoast_head_json":{"title":"Storytelling saisonnier: transformer les produits europ\u00e9ens en source d\u2019inspiration pour les menus - Charming Taste of Europe","robots":{"index":"index","follow":"follow","max-snippet":"max-snippet:-1","max-image-preview":"max-image-preview:large","max-video-preview":"max-video-preview:-1"},"canonical":"https:\/\/www.charmingtasteofeurope.eu\/fr\/nouvelles\/storytelling-saisonnier-transformer-les-produits-europeens-en-source-dinspiration-pour-les-menus\/","og_locale":"fr_FR","og_type":"article","og_title":"Storytelling saisonnier: transformer les produits europ\u00e9ens en source d\u2019inspiration pour les menus - Charming Taste of Europe","og_description":"Un menu de saison peut raconter une histoire au-del\u00e0 des plats qui le composent : les ingr\u00e9dients choisis, leur origine et la mani\u00e8re dont ils sont pr\u00e9sent\u00e9s peuvent contribuer \u00e0 cr\u00e9er une identit\u00e9 territoriale plus forte. Gr\u00e2ce \u00e0 The Charming Taste of Europe, les produits europ\u00e9ens peuvent offrir diff\u00e9rents points de d\u00e9part pour construire ce\u2026","og_url":"https:\/\/www.charmingtasteofeurope.eu\/fr\/nouvelles\/storytelling-saisonnier-transformer-les-produits-europeens-en-source-dinspiration-pour-les-menus\/","og_site_name":"Charming Taste of Europe","article_published_time":"2026-08-29T12:16:45+00:00","article_modified_time":"2026-09-02T12:24:43+00:00","og_image":[{"width":2560,"height":2560,"url":"https:\/\/www.charmingtasteofeurope.eu\/charming\/wp-content\/uploads\/2026\/09\/1-scaled.png","type":"image\/png"}],"author":"SegreteriaB","twitter_card":"summary_large_image","twitter_misc":{"\u00c9crit par":"SegreteriaB","Dur\u00e9e de lecture estim\u00e9e":"3 minutes"},"schema":{"@context":"https:\/\/schema.org","@graph":[{"@type":"Article","@id":"https:\/\/www.charmingtasteofeurope.eu\/fr\/nouvelles\/storytelling-saisonnier-transformer-les-produits-europeens-en-source-dinspiration-pour-les-menus\/#article","isPartOf":{"@id":"https:\/\/www.charmingtasteofeurope.eu\/fr\/nouvelles\/storytelling-saisonnier-transformer-les-produits-europeens-en-source-dinspiration-pour-les-menus\/"},"author":{"name":"SegreteriaB","@id":"https:\/\/www.charmingtasteofeurope.eu\/en\/#\/schema\/person\/4ff951233604c3e49c9b26e2a1fbe66d"},"headline":"Storytelling saisonnier: transformer les produits europ\u00e9ens en source d\u2019inspiration pour les menus","datePublished":"2026-08-29T12:16:45+00:00","dateModified":"2026-09-02T12:24:43+00:00","mainEntityOfPage":{"@id":"https:\/\/www.charmingtasteofeurope.eu\/fr\/nouvelles\/storytelling-saisonnier-transformer-les-produits-europeens-en-source-dinspiration-pour-les-menus\/"},"wordCount":296,"image":{"@id":"https:\/\/www.charmingtasteofeurope.eu\/fr\/nouvelles\/storytelling-saisonnier-transformer-les-produits-europeens-en-source-dinspiration-pour-les-menus\/#primaryimage"},"thumbnailUrl":"https:\/\/www.charmingtasteofeurope.eu\/charming\/wp-content\/uploads\/2026\/09\/1-scaled.png","articleSection":["Nouvelles"],"inLanguage":"fr-FR"},{"@type":"WebPage","@id":"https:\/\/www.charmingtasteofeurope.eu\/fr\/nouvelles\/storytelling-saisonnier-transformer-les-produits-europeens-en-source-dinspiration-pour-les-menus\/","url":"https:\/\/www.charmingtasteofeurope.eu\/fr\/nouvelles\/storytelling-saisonnier-transformer-les-produits-europeens-en-source-dinspiration-pour-les-menus\/","name":"Storytelling saisonnier: transformer les produits europ\u00e9ens en source d\u2019inspiration pour les menus - Charming Taste of Europe","isPartOf":{"@id":"https:\/\/www.charmingtasteofeurope.eu\/en\/#website"},"primaryImageOfPage":{"@id":"https:\/\/www.charmingtasteofeurope.eu\/fr\/nouvelles\/storytelling-saisonnier-transformer-les-produits-europeens-en-source-dinspiration-pour-les-menus\/#primaryimage"},"image":{"@id":"https:\/\/www.charmingtasteofeurope.eu\/fr\/nouvelles\/storytelling-saisonnier-transformer-les-produits-europeens-en-source-dinspiration-pour-les-menus\/#primaryimage"},"thumbnailUrl":"https:\/\/www.charmingtasteofeurope.eu\/charming\/wp-content\/uploads\/2026\/09\/1-scaled.png","datePublished":"2026-08-29T12:16:45+00:00","dateModified":"2026-09-02T12:24:43+00:00","author":{"@id":"https:\/\/www.charmingtasteofeurope.eu\/en\/#\/schema\/person\/4ff951233604c3e49c9b26e2a1fbe66d"},"breadcrumb":{"@id":"https:\/\/www.charmingtasteofeurope.eu\/fr\/nouvelles\/storytelling-saisonnier-transformer-les-produits-europeens-en-source-dinspiration-pour-les-menus\/#breadcrumb"},"inLanguage":"fr-FR","potentialAction":[{"@type":"ReadAction","target":["https:\/\/www.charmingtasteofeurope.eu\/fr\/nouvelles\/storytelling-saisonnier-transformer-les-produits-europeens-en-source-dinspiration-pour-les-menus\/"]}]},{"@type":"ImageObject","inLanguage":"fr-FR","@id":"https:\/\/www.charmingtasteofeurope.eu\/fr\/nouvelles\/storytelling-saisonnier-transformer-les-produits-europeens-en-source-dinspiration-pour-les-menus\/#primaryimage","url":"https:\/\/www.charmingtasteofeurope.eu\/charming\/wp-content\/uploads\/2026\/09\/1-scaled.png","contentUrl":"https:\/\/www.charmingtasteofeurope.eu\/charming\/wp-content\/uploads\/2026\/09\/1-scaled.png","width":2560,"height":2560},{"@type":"BreadcrumbList","@id":"https:\/\/www.charmingtasteofeurope.eu\/fr\/nouvelles\/storytelling-saisonnier-transformer-les-produits-europeens-en-source-dinspiration-pour-les-menus\/#breadcrumb","itemListElement":[{"@type":"ListItem","position":1,"name":"Home","item":"https:\/\/www.charmingtasteofeurope.eu\/fr\/"},{"@type":"ListItem","position":2,"name":"Storytelling saisonnier: transformer les produits europ\u00e9ens en source d\u2019inspiration pour les menus"}]},{"@type":"WebSite","@id":"https:\/\/www.charmingtasteofeurope.eu\/en\/#website","url":"https:\/\/www.charmingtasteofeurope.eu\/en\/","name":"Charming Taste of Europe","description":"","potentialAction":[{"@type":"SearchAction","target":{"@type":"EntryPoint","urlTemplate":"https:\/\/www.charmingtasteofeurope.eu\/en\/?s={search_term_string}"},"query-input":{"@type":"PropertyValueSpecification","valueRequired":true,"valueName":"search_term_string"}}],"inLanguage":"fr-FR"},{"@type":"Person","@id":"https:\/\/www.charmingtasteofeurope.eu\/en\/#\/schema\/person\/4ff951233604c3e49c9b26e2a1fbe66d","name":"SegreteriaB","image":{"@type":"ImageObject","inLanguage":"fr-FR","@id":"https:\/\/secure.gravatar.com\/avatar\/c8a57f6b015528766c9cefb31d413944e4b0a45b925762916543eb4ef9011ad8?s=96&d=mm&r=g","url":"https:\/\/secure.gravatar.com\/avatar\/c8a57f6b015528766c9cefb31d413944e4b0a45b925762916543eb4ef9011ad8?s=96&d=mm&r=g","contentUrl":"https:\/\/secure.gravatar.com\/avatar\/c8a57f6b015528766c9cefb31d413944e4b0a45b925762916543eb4ef9011ad8?s=96&d=mm&r=g","caption":"SegreteriaB"},"url":"https:\/\/www.charmingtasteofeurope.eu\/fr\/author\/segreteriab\/"}]}},"_links":{"self":[{"href":"https:\/\/www.charmingtasteofeurope.eu\/fr\/wp-json\/wp\/v2\/posts\/9956","targetHints":{"allow":["GET"]}}],"collection":[{"href":"https:\/\/www.charmingtasteofeurope.eu\/fr\/wp-json\/wp\/v2\/posts"}],"about":[{"href":"https:\/\/www.charmingtasteofeurope.eu\/fr\/wp-json\/wp\/v2\/types\/post"}],"author":[{"embeddable":true,"href":"https:\/\/www.charmingtasteofeurope.eu\/fr\/wp-json\/wp\/v2\/users\/3"}],"replies":[{"embeddable":true,"href":"https:\/\/www.charmingtasteofeurope.eu\/fr\/wp-json\/wp\/v2\/comments?post=9956"}],"version-history":[{"count":2,"href":"https:\/\/www.charmingtasteofeurope.eu\/fr\/wp-json\/wp\/v2\/posts\/9956\/revisions"}],"predecessor-version":[{"id":9972,"href":"https:\/\/www.charmingtasteofeurope.eu\/fr\/wp-json\/wp\/v2\/posts\/9956\/revisions\/9972"}],"wp:featuredmedia":[{"embeddable":true,"href":"https:\/\/www.charmingtasteofeurope.eu\/fr\/wp-json\/wp\/v2\/media\/9957"}],"wp:attachment":[{"href":"https:\/\/www.charmingtasteofeurope.eu\/fr\/wp-json\/wp\/v2\/media?parent=9956"}],"wp:term":[{"taxonomy":"category","embeddable":true,"href":"https:\/\/www.charmingtasteofeurope.eu\/fr\/wp-json\/wp\/v2\/categories?post=9956"},{"taxonomy":"post_tag","embeddable":true,"href":"https:\/\/www.charmingtasteofeurope.eu\/fr\/wp-json\/wp\/v2\/tags?post=9956"}],"curies":[{"name":"wp","href":"https:\/\/api.w.org\/{rel}","templated":true}]}}